{"id":4538,"date":"2025-03-12T16:02:17","date_gmt":"2025-03-12T15:02:17","guid":{"rendered":"https:\/\/www.innova-thermic.com\/?p=4538"},"modified":"2025-03-12T16:18:13","modified_gmt":"2025-03-12T15:18:13","slug":"etiquette-dpe-f-g-louer-mon-bien","status":"publish","type":"post","link":"https:\/\/www.innova-thermic.com\/Old\/etiquette-dpe-f-g-louer-mon-bien\/","title":{"rendered":"DPE class\u00e9 F ou G ? Puis-je louer mon bien ?"},"content":{"rendered":"\n<p><strong>Eh oui ! Depuis le 1er janvier 2025, les logements class\u00e9s G ne peuvent plus \u00eatre lou\u00e9s. Mais du coup, comment puis-je louer mon bien ?<\/strong><\/p>\n\n\n\n<p>L&rsquo;\u00c9tat Fran\u00e7ais consid\u00e8re que louer un bien poss\u00e9dant une \u00e9tiquette \u00e9nergie (DPE) poss\u00e9dant une \u00e9tiquette F ou G, est non d\u00e9cent pour les locataires<sup data-fn=\"e04841e4-d8fd-42ba-b94b-24a5a574591c\" class=\"fn\"><a id=\"e04841e4-d8fd-42ba-b94b-24a5a574591c-link\" href=\"#e04841e4-d8fd-42ba-b94b-24a5a574591c\">1<\/a><\/sup>. Ceci peut sembler \u00eatre une mauvaise nouvelle pour les propri\u00e9taires, mais nous pouvons vous apporter plusieurs points qui vous feront changer d&rsquo;avis\u2026<\/p>\n\n\n\n<h2 class=\"wp-block-heading\"><mark style=\"background-color:rgba(0, 0, 0, 0);color:#ff9560\" class=\"has-inline-color\">R\u00e9nover son bien = Gagner plus d&rsquo;argent <\/mark><\/h2>\n\n\n\n<p>La mise en place de travaux \u00e9nerg\u00e9tiques vous fera gagner de l&rsquo;argent \u2026 m\u00eame si cela peut vous sembler contradictoire. Am\u00e9liorer l&rsquo;enveloppe et les syst\u00e8mes apportera une plus-value significative \u00e0 votre bien immobilier en cas de vente \u00e9ventuelle.                    <\/p>\n\n\n\n<p>De plus, <strong>vous pourrez augmenter les prix de votre loyer<\/strong>. Un logement \u00e9conome pourrait permettre au locataire de moins consommer, et donc baisser les factures d&rsquo;\u00e9nergie. Vous pourrez ainsi justifier votre diff\u00e9rence l\u00e9g\u00e8re des prix locatifs vis-\u00e0-vis du march\u00e9.<\/p>\n\n\n\n<h2 class=\"wp-block-heading\"><mark style=\"background-color:rgba(0, 0, 0, 0);color:#567a51\" class=\"has-inline-color\">La neutralit\u00e9 carbone un effort de groupe<\/mark><\/h2>\n\n\n\n<p>L&rsquo;Europe pr\u00e9voit pour 2050, en vertu de <a href=\"https:\/\/www.europarl.europa.eu\/topics\/fr\/article\/20190926STO62270\/qu-est-ce-que-la-neutralite-carbone-et-comment-l-atteindre-d-ici-2050\" data-type=\"link\" data-id=\"https:\/\/www.europarl.europa.eu\/topics\/fr\/article\/20190926STO62270\/qu-est-ce-que-la-neutralite-carbone-et-comment-l-atteindre-d-ici-2050\" target=\"_blank\" rel=\"noopener\">la loi europ\u00e9enne sur le climat<\/a>, <em>la neutralit\u00e9 carbone<\/em>. En am\u00e9liorant thermiquement votre bien, vous participez \u00e0 maintenir nos \u00e9missions de gaz \u00e0 effet de serre (GES).<\/p>\n\n\n\n<p>Chez <strong><em>Innova Thermic<\/em><\/strong>, nous ne sommes pas des \u00ab\u00a0<strong>alarmistes du climat<\/strong>\u00ab\u00a0, cependant, nous pouvons d\u00e9j\u00e0 constater le changement climatique dans notre environnement personnel au quotidien. Alors oui, nous sommes tous responsables de la sauvegarde de notre plan\u00e8te.<\/p>\n\n\n\n<p>Le dernier point, et pour nous le plus important : <strong>se conformer \u00e0 la r\u00e9glementation<\/strong>. En effet, en vous conformant \u00e0 la r\u00e9glementation vous \u00e9viterez tout litige avec vos locataires, et vous pourrez dormir sur vos deux oreilles.<\/p>\n\n\n\n<p>Les autres \u00e9tiquettes, F et E, suivront suivant respectueusement les dates suivantes : 1er janvier 2028 et 1er janvier 2034. Alors, nous ne pouvons que vous conseiller d&rsquo;apporter des am\u00e9liorations susceptibles de vous faire gagner au moins la classe D. <\/p>\n\n\n\n<h2 class=\"wp-block-heading\"><mark style=\"background-color:rgba(0, 0, 0, 0);color:#afe14a\" class=\"has-inline-color\">Nos recommandations, pour vous !<\/mark><\/h2>\n\n\n\n<p>Ch\u00e8re propri\u00e9taire, il existe aujourd&rsquo;hui de nombreuses aides vous permettant d&rsquo;acc\u00e9der \u00e0 des travaux de r\u00e9novation \u00e9nerg\u00e9tique \u00e0 moindre frais. Nous avons<strong> Ma prime Renov&rsquo;<\/strong><sup data-fn=\"8ab0ffe1-0061-4082-8cff-b536cc938703\" class=\"fn\"><a id=\"8ab0ffe1-0061-4082-8cff-b536cc938703-link\" href=\"#8ab0ffe1-0061-4082-8cff-b536cc938703\">2<\/a><\/sup>, <strong>eco-pr\u00eats \u00e0 taux z\u00e9ro<\/strong><sup data-fn=\"52c86ba4-9d39-4aaa-83d8-cfa14e5f5c49\" class=\"fn\"><a id=\"52c86ba4-9d39-4aaa-83d8-cfa14e5f5c49-link\" href=\"#52c86ba4-9d39-4aaa-83d8-cfa14e5f5c49\">3<\/a><\/sup>, et la possibilit\u00e9 d&rsquo;obtenir d&rsquo;autres aides r\u00e9gionales. Vous pouvez consulter <a href=\"https:\/\/www.economie.gouv.fr\/particuliers\/aides-renovation-energetique\" data-type=\"link\" data-id=\"https:\/\/www.economie.gouv.fr\/particuliers\/aides-renovation-energetique\" target=\"_blank\" rel=\"noopener\">le site du minist\u00e8re de l&rsquo;\u00e9conomie<\/a> afin d&rsquo;avoir la liste des subventions existantes.<\/p>\n\n\n\n<p>Innova Thermic, bureau d&rsquo;\u00e9tude thermique, vous propose ses services de conseils, d&rsquo;\u00e9tudes et d&rsquo;accompagnement dans vos travaux de r\u00e9novation. N&rsquo;h\u00e9sitez pas \u00e0 prendre un rendez-vous t\u00e9l\u00e9phonique <a href=\"https:\/\/calendly.com\/innovathermic\" data-type=\"link\" data-id=\"https:\/\/calendly.com\/innovathermic\" target=\"_blank\" rel=\"noopener\"><strong>en cliquant ici<\/strong><\/a> afin de discuter de votre projet.<\/p>\n\n\n\n<p>Pour aller plus loin :<\/p>\n\n\n\n<p><a href=\"https:\/\/www.economie.gouv.fr\/particuliers\/renovation-energetique-arnaques\" data-type=\"link\" data-id=\"https:\/\/www.economie.gouv.fr\/particuliers\/renovation-energetique-arnaques\" target=\"_blank\" rel=\"noopener\">R\u00e9novation \u00e9nerg\u00e9tique : nos conseils pour \u00e9viter les arnaques<\/a><\/p>\n\n\n\n<p><a href=\"https:\/\/www.innova-thermic.com\/extensions-re2020-maisons-individuelles\/\" data-type=\"link\" data-id=\"https:\/\/www.innova-thermic.com\/extensions-re2020-maisons-individuelles\/\">Quelles sont les extensions concern\u00e9es par la RE2020 ?<\/a><\/p>\n\n\n\n<div class=\"wp-block-group is-layout-constrained wp-block-group-is-layout-constrained\"><ol class=\"wp-block-footnotes\"><li id=\"e04841e4-d8fd-42ba-b94b-24a5a574591c\"><a href=\"https:\/\/www.service-public.fr\/particuliers\/actualites\/A17975\" data-type=\"link\" data-id=\"https:\/\/www.service-public.fr\/particuliers\/actualites\/A17975\" target=\"_blank\" rel=\"noopener\">Les passoires thermiques les moins bien isol\u00e9es ne peuvent plus \u00eatre mises en location<\/a> <a href=\"#e04841e4-d8fd-42ba-b94b-24a5a574591c-link\" aria-label=\"Aller \u00e0 la note de bas de page 1\">\u21a9\ufe0e<\/a><\/li><li id=\"8ab0ffe1-0061-4082-8cff-b536cc938703\"><a href=\"https:\/\/www.service-public.fr\/particuliers\/vosdroits\/F35083\" data-type=\"link\" data-id=\"https:\/\/www.service-public.fr\/particuliers\/vosdroits\/F35083\" target=\"_blank\" rel=\"noopener\">MaPrimeR\u00e9nov&rsquo; (MPR)<\/a> <a href=\"#8ab0ffe1-0061-4082-8cff-b536cc938703-link\" aria-label=\"Aller \u00e0 la note de bas de page 2\">\u21a9\ufe0e<\/a><\/li><li id=\"52c86ba4-9d39-4aaa-83d8-cfa14e5f5c49\"><a href=\"https:\/\/www.service-public.fr\/particuliers\/vosdroits\/F19905\" data-type=\"link\" data-id=\"https:\/\/www.service-public.fr\/particuliers\/vosdroits\/F19905\" target=\"_blank\" rel=\"noopener\">\u00c9co-pr\u00eat \u00e0 taux z\u00e9ro (\u00e9co-PTZ)<\/a> <a href=\"#52c86ba4-9d39-4aaa-83d8-cfa14e5f5c49-link\" aria-label=\"Aller \u00e0 la note de bas de page 3\">\u21a9\ufe0e<\/a><\/li><\/ol><\/div>\n\n\n\n<p><\/p>\n","protected":false},"excerpt":{"rendered":"<p>Eh oui ! Depuis le 1er janvier 2025, les logements class\u00e9s G ne peuvent plus \u00eatre lou\u00e9s. Mais du coup, comment puis-je louer mon bien ? L&rsquo;\u00c9tat Fran\u00e7ais consid\u00e8re que louer un bien poss\u00e9dant une \u00e9tiquette \u00e9nergie (DPE) poss\u00e9dant une \u00e9tiquette F ou G, est non d\u00e9cent pour les locataires1. Ceci peut sembler \u00eatre une [&#8230;]\n","protected":false},"author":1,"featured_media":4546,"comment_status":"open","ping_status":"open","sticky":false,"template":"","format":"standard","meta":{"_acf_changed":false,"_jetpack_memberships_contains_paid_content":false,"footnotes":"[{\"content\":\"<a href=\\\"https:\/\/www.service-public.fr\/particuliers\/actualites\/A17975\\\" data-type=\\\"link\\\" data-id=\\\"https:\/\/www.service-public.fr\/particuliers\/actualites\/A17975\\\">Les passoires thermiques les moins bien isol\u00e9es ne peuvent plus \u00eatre mises en location<\/a>\",\"id\":\"e04841e4-d8fd-42ba-b94b-24a5a574591c\"},{\"content\":\"<a href=\\\"https:\/\/www.service-public.fr\/particuliers\/vosdroits\/F35083\\\" data-type=\\\"link\\\" data-id=\\\"https:\/\/www.service-public.fr\/particuliers\/vosdroits\/F35083\\\">MaPrimeR\u00e9nov' (MPR)<\/a>\",\"id\":\"8ab0ffe1-0061-4082-8cff-b536cc938703\"},{\"content\":\"<a href=\\\"https:\/\/www.service-public.fr\/particuliers\/vosdroits\/F19905\\\" data-type=\\\"link\\\" data-id=\\\"https:\/\/www.service-public.fr\/particuliers\/vosdroits\/F19905\\\">\u00c9co-pr\u00eat \u00e0 taux z\u00e9ro (\u00e9co-PTZ)<\/a>\",\"id\":\"52c86ba4-9d39-4aaa-83d8-cfa14e5f5c49\"}]"},"categories":[1],"tags":[],"class_list":["post-4538","post","type-post","status-publish","format-standard","has-post-thumbnail","hentry","category-actualites"],"acf":[],"jetpack_featured_media_url":"https:\/\/www.innova-thermic.com\/Old\/wp-content\/uploads\/2025\/03\/passoires-energetiques-analyse-donnees-dpe-france.png","jetpack_sharing_enabled":true,"_links":{"self":[{"href":"https:\/\/www.innova-thermic.com\/Old\/wp-json\/wp\/v2\/posts\/4538","targetHints":{"allow":["GET"]}}],"collection":[{"href":"https:\/\/www.innova-thermic.com\/Old\/wp-json\/wp\/v2\/posts"}],"about":[{"href":"https:\/\/www.innova-thermic.com\/Old\/wp-json\/wp\/v2\/types\/post"}],"author":[{"embeddable":true,"href":"https:\/\/www.innova-thermic.com\/Old\/wp-json\/wp\/v2\/users\/1"}],"replies":[{"embeddable":true,"href":"https:\/\/www.innova-thermic.com\/Old\/wp-json\/wp\/v2\/comments?post=4538"}],"version-history":[{"count":0,"href":"https:\/\/www.innova-thermic.com\/Old\/wp-json\/wp\/v2\/posts\/4538\/revisions"}],"wp:featuredmedia":[{"embeddable":true,"href":"https:\/\/www.innova-thermic.com\/Old\/wp-json\/wp\/v2\/media\/4546"}],"wp:attachment":[{"href":"https:\/\/www.innova-thermic.com\/Old\/wp-json\/wp\/v2\/media?parent=4538"}],"wp:term":[{"taxonomy":"category","embeddable":true,"href":"https:\/\/www.innova-thermic.com\/Old\/wp-json\/wp\/v2\/categories?post=4538"},{"taxonomy":"post_tag","embeddable":true,"href":"https:\/\/www.innova-thermic.com\/Old\/wp-json\/wp\/v2\/tags?post=4538"}],"curies":[{"name":"wp","href":"https:\/\/api.w.org\/{rel}","templated":true}]}}