{"id":4944,"date":"2025-08-16T18:31:39","date_gmt":"2025-08-16T16:31:39","guid":{"rendered":"https:\/\/www.innova-thermic.com\/?p=4944"},"modified":"2026-01-15T11:24:03","modified_gmt":"2026-01-15T10:24:03","slug":"acv-batiment-lille","status":"publish","type":"post","link":"https:\/\/www.innova-thermic.com\/Old\/acv-batiment-lille\/","title":{"rendered":"ACV b\u00e2timent Lille : l\u2019importance de l\u2019Analyse du Cycle de Vie pour vos projets de construction"},"content":{"rendered":"\n<p>L\u2019<strong>ACV b\u00e2timent Lille<\/strong> (Analyse du Cycle de Vie) est aujourd\u2019hui un outil incontournable dans le domaine de la construction durable. Elle permet d\u2019\u00e9valuer l\u2019impact environnemental d\u2019un b\u00e2timent tout au long de sa vie, depuis la fabrication des mat\u00e9riaux jusqu\u2019\u00e0 sa d\u00e9molition ou son recyclage.<\/p>\n\n\n\n<p>\u00c0 Lille, o\u00f9 la r\u00e9glementation environnementale <strong>RE2020<\/strong> impose des crit\u00e8res stricts de performance \u00e9nerg\u00e9tique et environnementale, int\u00e9grer une ACV dans vos projets n\u2019est plus une option mais une n\u00e9cessit\u00e9. Dans cet article, nous allons voir pourquoi elle est essentielle, comment elle se met en place, et quels b\u00e9n\u00e9fices concrets elle peut apporter \u00e0 vos projets de construction ou de r\u00e9novation.<\/p>\n\n\n\n<h2 class=\"wp-block-heading\"><mark style=\"background-color:rgba(0, 0, 0, 0);color:#0693e3\" class=\"has-inline-color\">Qu\u2019est-ce que l\u2019ACV b\u00e2timent ?<\/mark><\/h2>\n\n\n\n<p>L\u2019<strong>Analyse du Cycle de Vie (ACV)<\/strong> d\u2019un b\u00e2timent est une m\u00e9thode scientifique qui consiste \u00e0 mesurer les impacts environnementaux g\u00e9n\u00e9r\u00e9s par :<\/p>\n\n\n\n<ul class=\"wp-block-list\">\n<li>La production et le transport des mat\u00e9riaux.<\/li>\n\n\n\n<li>La phase de chantier et de mise en \u0153uvre.<\/li>\n\n\n\n<li>L\u2019utilisation du b\u00e2timent (consommations d\u2019\u00e9nergie, d\u2019eau, entretien).<\/li>\n\n\n\n<li>La fin de vie (d\u00e9molition, valorisation ou recyclage).<\/li>\n<\/ul>\n\n\n\n<p>Cette d\u00e9marche est encadr\u00e9e par des normes internationales, comme l\u2019<strong>ISO 14040 et 14044<\/strong>, qui d\u00e9finissent la m\u00e9thodologie de calcul.<\/p>\n\n\n\n<p>Pour approfondir, vous pouvez consulter la <a href=\"https:\/\/www.legifrance.gouv.fr\" target=\"_blank\" data-type=\"link\" data-id=\"https:\/\/www.legifrance.gouv.fr\" rel=\"noreferrer noopener\">documentation officielle sur L\u00e9gifrance<\/a>.<\/p>\n\n\n\n<h2 class=\"wp-block-heading\"><mark style=\"background-color:rgba(0, 0, 0, 0);color:#0693e3\" class=\"has-inline-color\">Pourquoi l\u2019ACV est-elle obligatoire avec la RE2020 ?<\/mark><\/h2>\n\n\n\n<p>Depuis l\u2019entr\u00e9e en vigueur de la <strong>RE2020<\/strong>, tous les projets de construction neufs doivent int\u00e9grer l\u2019ACV. L\u2019objectif est de r\u00e9duire :<\/p>\n\n\n\n<ul class=\"wp-block-list\">\n<li>Les <strong>\u00e9missions de gaz \u00e0 effet de serre<\/strong> (GES).<\/li>\n\n\n\n<li>La <strong>consommation \u00e9nerg\u00e9tique<\/strong>.<\/li>\n\n\n\n<li>L\u2019<strong>empreinte carbone<\/strong> des mat\u00e9riaux.<\/li>\n<\/ul>\n\n\n\n<p>\u00c0 Lille, ville soumise \u00e0 des hivers froids et des \u00e9t\u00e9s de plus en plus chauds, cette analyse est d\u2019autant plus importante qu\u2019elle permet d\u2019anticiper les besoins \u00e9nerg\u00e9tiques tout en limitant l\u2019impact sur l\u2019environnement.<\/p>\n\n\n\n<p>Pour en savoir plus sur les \u00e9tudes que nous r\u00e9alisons, consultez notre page d\u00e9di\u00e9e aux <a href=\"https:\/\/www.innova-thermic.com\/etudes-environnementales\/\" target=\"_blank\" rel=\"noreferrer noopener\">\u00e9tudes environnementales<\/a>.<\/p>\n\n\n\n<h2 class=\"wp-block-heading\"><mark style=\"background-color:rgba(0, 0, 0, 0)\" class=\"has-inline-color has-primary-color\">Organigramme : cycle de vie d\u2019un b\u00e2timent analys\u00e9 en ACV<\/mark><\/h2>\n\n\n\n<p>Voici un sch\u00e9ma simplifi\u00e9 repr\u00e9sentant les \u00e9tapes de l\u2019ACV b\u00e2timent :<\/p>\n\n\n\n<pre class=\"wp-block-code\"><code>              Fabrication des mat\u00e9riaux\n                        \u2502\n                        \u25bc\n              Transport &amp; logistique\n                        \u2502\n                        \u25bc\n                 Phase chantier\n                        \u2502\n                        \u25bc\n             Utilisation &amp; exploitation\n                        \u2502\n                        \u25bc\n                Fin de vie &amp; recyclage\n<\/code><\/pre>\n\n\n\n<p>Chaque \u00e9tape est analys\u00e9e selon plusieurs crit\u00e8res : consommation d\u2019\u00e9nergie, \u00e9missions de CO2, production de d\u00e9chets, etc.<\/p>\n\n\n\n<h2 class=\"wp-block-heading\"><mark style=\"background-color:rgba(0, 0, 0, 0)\" class=\"has-inline-color has-primary-color\">Les b\u00e9n\u00e9fices concrets de l\u2019ACV b\u00e2timent \u00e0 Lille<\/mark><\/h2>\n\n\n\n<ol class=\"wp-block-list\">\n<li><strong>Conformit\u00e9 r\u00e9glementaire<\/strong> : l\u2019ACV est exig\u00e9e par la RE2020 pour la validation de votre construction, notamment lors de votre <strong>DAACT<\/strong> (D\u00e9claration attestant l&rsquo;ach\u00e8vement et la conformit\u00e9 des travaux)<\/li>\n\n\n\n<li><strong>R\u00e9duction des co\u00fbts<\/strong> : en choisissant des mat\u00e9riaux \u00e0 faible impact, vous r\u00e9duisez vos d\u00e9penses \u00e9nerg\u00e9tiques sur le long terme.<\/li>\n\n\n\n<li><strong>Valorisation immobili\u00e8re<\/strong> : un b\u00e2timent con\u00e7u avec une ACV favorable se vend ou se loue plus facilement.<\/li>\n\n\n\n<li><strong>Image responsable<\/strong> : vos projets s\u2019inscrivent dans une d\u00e9marche durable et \u00e9coresponsable.<\/li>\n<\/ol>\n\n\n\n<h2 class=\"wp-block-heading\"><mark style=\"background-color:rgba(0, 0, 0, 0)\" class=\"has-inline-color has-primary-color\">Exemple de comparaison (mat\u00e9riaux)<\/mark><\/h2>\n\n\n\n<p>Voici un tableau simplifi\u00e9 montrant l\u2019impact carbone de diff\u00e9rents mat\u00e9riaux de construction (donn\u00e9es indicatives) :<\/p>\n\n\n\n<figure class=\"wp-block-table is-style-stripes\"><table class=\"has-fixed-layout\"><thead><tr><th>Mat\u00e9riau<\/th><th>\u00c9missions CO\u2082 (kg eqCO\u2082\/m\u00b2)<\/th><th>Dur\u00e9e de vie moyenne<\/th><th>Recyclabilit\u00e9<\/th><\/tr><\/thead><tbody><tr><td>B\u00e9ton traditionnel<\/td><td>250<\/td><td>100 ans<\/td><td>Moyenne<\/td><\/tr><tr><td>Ossature bois<\/td><td>80<\/td><td>80 ans<\/td><td>Tr\u00e8s \u00e9lev\u00e9e<\/td><\/tr><tr><td>Acier<\/td><td>180<\/td><td>100 ans<\/td><td>\u00c9lev\u00e9e<\/td><\/tr><tr><td>Brique terre cuite<\/td><td>150<\/td><td>120 ans<\/td><td>Bonne<\/td><\/tr><\/tbody><\/table><\/figure>\n\n\n\n<h2 class=\"wp-block-heading\"><mark style=\"background-color:rgba(0, 0, 0, 0)\" class=\"has-inline-color has-alert-color\">L\u2019ACV b\u00e2timent Lille : une aide \u00e0 la d\u00e9cision<\/mark><\/h2>\n\n\n\n<p>Au-del\u00e0 de l\u2019aspect r\u00e9glementaire, l\u2019ACV vous permet de <strong>faire des choix strat\u00e9giques<\/strong> lors de la conception de votre b\u00e2timent :<\/p>\n\n\n\n<ul class=\"wp-block-list\">\n<li>Choisir entre b\u00e9ton, bois ou acier en fonction de l\u2019impact environnemental.<\/li>\n\n\n\n<li>Optimiser l\u2019orientation et l\u2019isolation du b\u00e2timent pour r\u00e9duire les besoins en chauffage et climatisation.<\/li>\n\n\n\n<li>Pr\u00e9voir la fin de vie et favoriser les fili\u00e8res de r\u00e9emploi et de recyclage.<\/li>\n<\/ul>\n\n\n\n<p>Cette d\u00e9marche s\u2019int\u00e8gre parfaitement \u00e0 l\u2019approche globale d\u2019<strong>Innova Thermic<\/strong>, qui accompagne ses clients sur toutes les \u00e9tapes de l\u2019efficacit\u00e9 \u00e9nerg\u00e9tique et environnementale.<\/p>\n\n\n\n<h2 class=\"wp-block-heading\"><mark style=\"background-color:rgba(0, 0, 0, 0)\" class=\"has-inline-color has-alert-color\">Comment Innova Thermic vous accompagne ?<\/mark><\/h2>\n\n\n\n<p>Chez <strong>Innova Thermic<\/strong>, nous mettons en place des ACV adapt\u00e9es \u00e0 vos projets de construction \u00e0 Lille et dans toute la r\u00e9gion Hauts-de-France.<\/p>\n\n\n\n<p>Nos services comprennent :<\/p>\n\n\n\n<ul class=\"wp-block-list\">\n<li>La r\u00e9alisation d\u2019<strong>ACV b\u00e2timent<\/strong> conformes \u00e0 la RE2020.<\/li>\n\n\n\n<li>Des <strong>\u00e9tudes thermiques et environnementales<\/strong> compl\u00e8tes.<\/li>\n\n\n\n<li>Un accompagnement personnalis\u00e9 pour optimiser vos choix techniques et \u00e9conomiques.<\/li>\n<\/ul>\n\n\n\n<p>D\u00e9couvrez nos prestations sur : <a href=\"https:\/\/www.innova-thermic.com\/etudes-environnementales\/\" target=\"_blank\" rel=\"noreferrer noopener\">\u00c9tudes environnementales Innova Thermic<\/a>.<\/p>\n\n\n\n<hr class=\"wp-block-separator has-alpha-channel-opacity\"\/>\n\n\n\n<h2 class=\"wp-block-heading has-text-align-center\">L\u2019<strong>ACV d&rsquo;un b\u00e2timent \u00e0 Lille<\/strong> est bien plus qu\u2019une simple obligation r\u00e9glementaire : c\u2019est un v\u00e9ritable outil de pilotage pour concevoir des b\u00e2timents durables, \u00e9conomes et respectueux de l\u2019environnement.<\/h2>\n\n\n\n<p>En choisissant Innova Thermic, vous b\u00e9n\u00e9ficiez d\u2019un accompagnement sur mesure qui vous assure \u00e0 la fois conformit\u00e9, performance et valeur ajout\u00e9e \u00e0 votre projet.<\/p>\n\n\n\n<h3 class=\"wp-block-heading has-text-align-center\">Passez \u00e0 l\u2019action d\u00e8s aujourd\u2019hui :<\/h3>\n\n\n\n<ul class=\"wp-block-list\">\n<li><a href=\"https:\/\/www.innova-thermic.com\/contact\/\" target=\"_blank\" rel=\"noreferrer noopener\">Demandez votre \u00e9tude ACV b\u00e2timent Lille<\/a> et assurez la r\u00e9ussite de votre projet.<\/li>\n\n\n\n<li>Contactez notre \u00e9quipe d\u00e8s maintenant pour un devis personnalis\u00e9.<\/li>\n\n\n\n<li>Construisons ensemble des b\u00e2timents durables, pens\u00e9s pour l\u2019avenir.<\/li>\n<\/ul>\n\n\n\n<p><\/p>\n","protected":false},"excerpt":{"rendered":"<p>L\u2019ACV b\u00e2timent Lille (Analyse du Cycle de Vie) est aujourd\u2019hui un outil incontournable dans le domaine de la construction durable. Elle permet d\u2019\u00e9valuer l\u2019impact environnemental d\u2019un b\u00e2timent tout au long de sa vie, depuis la fabrication des mat\u00e9riaux jusqu\u2019\u00e0 sa d\u00e9molition ou son recyclage. \u00c0 Lille, o\u00f9 la r\u00e9glementation environnementale RE2020 impose des crit\u00e8res stricts [&#8230;]\n","protected":false},"author":1,"featured_media":4945,"comment_status":"closed","ping_status":"open","sticky":false,"template":"","format":"standard","meta":{"_acf_changed":false,"_jetpack_memberships_contains_paid_content":false,"footnotes":""},"categories":[1],"tags":[],"class_list":["post-4944","post","type-post","status-publish","format-standard","has-post-thumbnail","hentry","category-actualites"],"acf":[],"jetpack_featured_media_url":"https:\/\/www.innova-thermic.com\/Old\/wp-content\/uploads\/2025\/08\/ACV.png","jetpack_sharing_enabled":true,"_links":{"self":[{"href":"https:\/\/www.innova-thermic.com\/Old\/wp-json\/wp\/v2\/posts\/4944","targetHints":{"allow":["GET"]}}],"collection":[{"href":"https:\/\/www.innova-thermic.com\/Old\/wp-json\/wp\/v2\/posts"}],"about":[{"href":"https:\/\/www.innova-thermic.com\/Old\/wp-json\/wp\/v2\/types\/post"}],"author":[{"embeddable":true,"href":"https:\/\/www.innova-thermic.com\/Old\/wp-json\/wp\/v2\/users\/1"}],"replies":[{"embeddable":true,"href":"https:\/\/www.innova-thermic.com\/Old\/wp-json\/wp\/v2\/comments?post=4944"}],"version-history":[{"count":1,"href":"https:\/\/www.innova-thermic.com\/Old\/wp-json\/wp\/v2\/posts\/4944\/revisions"}],"predecessor-version":[{"id":5539,"href":"https:\/\/www.innova-thermic.com\/Old\/wp-json\/wp\/v2\/posts\/4944\/revisions\/5539"}],"wp:featuredmedia":[{"embeddable":true,"href":"https:\/\/www.innova-thermic.com\/Old\/wp-json\/wp\/v2\/media\/4945"}],"wp:attachment":[{"href":"https:\/\/www.innova-thermic.com\/Old\/wp-json\/wp\/v2\/media?parent=4944"}],"wp:term":[{"taxonomy":"category","embeddable":true,"href":"https:\/\/www.innova-thermic.com\/Old\/wp-json\/wp\/v2\/categories?post=4944"},{"taxonomy":"post_tag","embeddable":true,"href":"https:\/\/www.innova-thermic.com\/Old\/wp-json\/wp\/v2\/tags?post=4944"}],"curies":[{"name":"wp","href":"https:\/\/api.w.org\/{rel}","templated":true}]}}