{"id":5192,"date":"2025-10-22T17:31:44","date_gmt":"2025-10-22T15:31:44","guid":{"rendered":"https:\/\/www.innova-thermic.com\/?p=5192"},"modified":"2026-01-15T11:24:03","modified_gmt":"2026-01-15T10:24:03","slug":"extension-re2020-hdf","status":"publish","type":"post","link":"https:\/\/www.innova-thermic.com\/Old\/extension-re2020-hdf\/","title":{"rendered":"Extension RE2020 de maison et seuils\u202f: quelles obligations dans le\u202fNord ?"},"content":{"rendered":"\n<h2 class=\"wp-block-heading\"><strong>Introduction<\/strong><\/h2>\n\n\n\n<p>Extension RE2020 : Que vous soyez professionnel du b\u00e2timent dans la r\u00e9gion des Hauts\u2011de\u2011France ou particulier souhaitant agrandir votre logement \u00e0 Lille ou dans ses environs, il est essentiel de bien comprendre les obligations li\u00e9es \u00e0 la r\u00e9glementation environnementale. Cet article vise \u00e0 clarifier les r\u00e8gles de la <strong>RE2020 extension Lille<\/strong> et de la <strong>RE2020 Hauts de France<\/strong>, notamment pour vos projets d\u2019agrandissement ou de sur\u00e9l\u00e9vation. Nous aborderons\u202f: l\u2019application de la r\u00e9glementation, les seuils \u00e0 respecter, les d\u00e9marches administratives et les recommandations pour r\u00e9ussir votre projet.<\/p>\n\n\n\n<h3 class=\"wp-block-heading has-text-align-center\">Qu\u2019est\u2011ce que la RE2020\u202f?<\/h3>\n\n\n\n<p>La RE2020 (R\u00e9glementation Environnementale 2020) est la norme qui remplace la pr\u00e9c\u00e9dente RT2012 pour les b\u00e2timents neufs et certaines extensions. <\/p>\n\n\n\n<p>Elle vise \u00e0 :<\/p>\n\n\n\n<ul class=\"wp-block-list\">\n<li>r\u00e9duire la consommation \u00e9nerg\u00e9tique des b\u00e2timents,<\/li>\n\n\n\n<li><a href=\"https:\/\/www.cerema.fr\/fr\/actualites\/reduire-impact-carbone-batiments-mode-emploi-synthetique-du\" data-type=\"link\" data-id=\"https:\/\/www.cerema.fr\/fr\/actualites\/reduire-impact-carbone-batiments-mode-emploi-synthetique-du\" target=\"_blank\" rel=\"noopener\">diminuer leur impact carbone<\/a> (analyse du cycle de vie des mat\u00e9riaux et \u00e9quipements)\u202f<\/li>\n\n\n\n<li><a href=\"https:\/\/www.ffbatiment.fr\/techniques-batiment\/reglementation-construction\/reglementation-thermique-environnementale\/dossier\/re2020-confort-d-ete-et-indicateur-dh\" data-type=\"link\" data-id=\"https:\/\/www.ffbatiment.fr\/techniques-batiment\/reglementation-construction\/reglementation-thermique-environnementale\/dossier\/re2020-confort-d-ete-et-indicateur-dh\" target=\"_blank\" rel=\"noopener\">garantir un confort d\u2019\u00e9t\u00e9 am\u00e9lior\u00e9<\/a> (avec l\u2019indicateur DH, degr\u00e9s\u2011heure d\u2019inconfort)<\/li>\n<\/ul>\n\n\n\n<p>Dans la r\u00e9gion des Hauts\u2011de\u2011France et pour une extension, la <strong>RE2020 Hauts de France<\/strong> s\u2019applique donc selon les m\u00eames principes nationaux, mais il est utile d\u2019\u00eatre attentif aux sp\u00e9cificit\u00e9s locales (climat, mat\u00e9riaux, bureaux d\u2019\u00e9tudes disponibles).<\/p>\n\n\n\n<h2 class=\"wp-block-heading\">Champ d\u2019application pour une extension \u2013 Cas de la <strong>RE2020 extension Lille<\/strong><\/h2>\n\n\n\n<h3 class=\"wp-block-heading has-text-align-center\">Quand l\u2019extension est\u2011elle soumise \u00e0 la RE2020\u202f?<\/h3>\n\n\n\n<p>Pour un projet d\u2019agrandissement (extension ou sur\u00e9l\u00e9vation) d\u2019une maison individuelle \u00e0 Lille ou dans la r\u00e9gion Hauts\u2011de\u2011France, voici les principaux cas d\u2019application\u202f:<\/p>\n\n\n\n<figure class=\"wp-block-table\"><table class=\"has-fixed-layout\"><thead><tr><th>Surface de l\u2019extension<\/th><th>Obligation RE2020<\/th><th>Quelle \u00e9tude chez INNOVA THERMIC ?<\/th><\/tr><\/thead><tbody><tr><td>Extension maison individuelle \u2265\u202f80\u202fm\u00b2\u202fSref<\/td><td>L\u2019extension est soumise \u00e0 la RE2020 d\u00e8s d\u00e9p\u00f4t du permis. Avec obligation de tous les coefficients de la RE2020 (<a href=\"https:\/\/www.legifrance.gouv.fr\/jorf\/id\/JORFTEXT000043877196\" data-type=\"link\" data-id=\"https:\/\/www.legifrance.gouv.fr\/jorf\/id\/JORFTEXT000043877196\" target=\"_blank\" rel=\"noopener\">D\u00e9cret n\u00b0 2021-1004 du 29 juillet 2021<\/a>)<\/td><td><a href=\"https:\/\/www.innova-thermic.com\/produit\/etude-premium-re2020\/\" target=\"_blank\" data-type=\"link\" data-id=\"https:\/\/www.innova-thermic.com\/produit\/etude-premium-re2020\/\" rel=\"noreferrer noopener\">Etude PREMIUM RE 2020<\/a><\/td><\/tr><tr><td>Extension de maison individuelle 50 &lt; Sref&lt;\u202f80\u202fm\u00b2 <\/td><td>Application de la RE2020. Coefficient obligatoire : Bbio, DH &amp; Ic construction (kg eq CO2)<\/td><td><a href=\"https:\/\/www.innova-thermic.com\/produit\/etude-complete-extension\/\" data-type=\"link\" data-id=\"https:\/\/www.innova-thermic.com\/produit\/etude-complete-extension\/\">Etude compl\u00e8te extension (avec \u00e9tude environnementale)<\/a><\/td><\/tr><tr><td>Extension de petite surface (&lt;\u202f50\u202fm\u00b2)<\/td><td>Application de la RT \u00e9l\u00e9ment par \u00e9l\u00e9ment. Arr\u00eat\u00e9 du 3 mai 2007.<\/td><td><a href=\"https:\/\/www.innova-thermic.com\/produit\/etude-initiale-permis-re2020\/\" data-type=\"link\" data-id=\"https:\/\/www.innova-thermic.com\/produit\/etude-initiale-permis-re2020\/\">Etude Initiale Permis RE 2020<\/a> <\/td><\/tr><\/tbody><\/table><\/figure>\n\n\n\n<p>Pour la <strong>RE2020 extension Lille<\/strong>, cela signifie que m\u00eame pour un agrandissement dans la m\u00e9tropole lilloise, il faut v\u00e9rifier si votre projet d\u00e9clenche l\u2019application de la RE2020. Le d\u00e9p\u00f4t de permis ou la d\u00e9claration pr\u00e9alable et la taille de l\u2019extension sont d\u00e9terminants.<\/p>\n\n\n\n<h2 class=\"wp-block-heading\">Exigences techniques applicables<\/h2>\n\n\n\n<p>Pour une extension soumise \u00e0 la RE2020, plusieurs indicateurs et exigences sont \u00e0 respecter\u202f:<\/p>\n\n\n\n<h3 class=\"wp-block-heading has-text-align-center\">Les indicateurs majeurs<\/h3>\n\n\n\n<ul class=\"wp-block-list\">\n<li>Le coefficient <strong>Bbio<\/strong> (besoin bioclimatique)\u202f: orientation, surfaces vitr\u00e9es, isolation.<\/li>\n\n\n\n<li>L\u2019indicateur <strong>IC construction<\/strong> (impact carbone des mat\u00e9riaux et \u00e9quipements)\u202f: la RE2020 impose une analyse du cycle de vie. <\/li>\n\n\n\n<li>L\u2019indicateur <strong>DH<\/strong> (degr\u00e9s\u2011heure d\u2019inconfort) pour le confort d\u2019\u00e9t\u00e9.<\/li>\n\n\n\n<li>Autres indicateurs\u202f: Cep (consommation d\u2019\u00e9nergie primaire), etc.<\/li>\n<\/ul>\n\n\n\n<h3 class=\"wp-block-heading has-text-align-center\">Modalit\u00e9s selon la taille de l\u2019extension<\/h3>\n\n\n\n<figure class=\"wp-block-table\"><table class=\"has-fixed-layout\"><thead><tr><th>Taille d\u2019extension (maison individuelle) Sref<\/th><th>Niveau d\u2019exigence<\/th><\/tr><\/thead><tbody><tr><td>\u2264\u202f50\u202fm\u00b2<\/td><td>Exigences all\u00e9g\u00e9es\u202f: pas de test d\u2019\u00e9tanch\u00e9it\u00e9 \u00e0 l\u2019air, pas de contr\u00f4le complet de ventilation.<\/td><\/tr><tr><td>Entre 50\u202fm\u00b2 et 80\u202fm\u00b2 <\/td><td>Obligation d\u2019\u00e9tude thermique partielle (Bbio, ICconstruction, DH)\u202f<\/td><\/tr><tr><td>\u2265\u202f80\u202fm\u00b2 <\/td><td>Application compl\u00e8te de la RE2020, comme une construction neuve. <\/td><\/tr><\/tbody><\/table><\/figure>\n\n\n\n<p>En r\u00e9sum\u00e9 pour la <strong>RE2020 extension Lille<\/strong> et la <strong>RE2020 Hauts de France<\/strong>, plus l\u2019extension est importante, plus les exigences sont strictes.<\/p>\n\n\n\n<h2 class=\"wp-block-heading\">D\u00e9marches administratives<\/h2>\n\n\n\n<h3 class=\"wp-block-heading has-text-align-center\">Permis de construire ou d\u00e9claration pr\u00e9alable<\/h3>\n\n\n\n<ul class=\"wp-block-list\">\n<li>L\u2019extension soumise \u00e0 autorisation (permis ou d\u00e9claration) d\u00e9clenche souvent l\u2019application de la RE2020. <\/li>\n\n\n\n<li>Pour d\u00e9poser votre dossier (dans le Nord, M\u00e9tropole europ\u00e9enne de Lille, etc.), il faudra joindre une attestation de prise en compte de la RE2020 (\u00e0 l\u2019aide d\u2019un bureau d\u2019\u00e9tudes). <\/li>\n<\/ul>\n\n\n\n<h3 class=\"wp-block-heading has-text-align-center\">Attestations \u00e0 fournir<\/h3>\n\n\n\n<ul class=\"wp-block-list\">\n<li>Avant le d\u00e9p\u00f4t du permis\u202f: attestation de prise en compte de la RE2020.<\/li>\n\n\n\n<li>\u00c0 l\u2019ach\u00e8vement des travaux\u202f: attestation finale de conformit\u00e9 (le cas \u00e9ch\u00e9ant).<\/li>\n<\/ul>\n\n\n\n<p>Voici un exemple de l&rsquo;attestation \u00e0 joindre au permis :<\/p>\n\n\n\n<figure class=\"wp-block-image aligncenter size-full is-resized\"><img loading=\"lazy\" decoding=\"async\" width=\"642\" height=\"817\" src=\"https:\/\/www.innova-thermic.com\/wp-content\/uploads\/2025\/10\/Design-sans-titre-5.png\" alt=\"\" class=\"wp-image-5212\" style=\"width:457px;height:auto\" title=\"\" srcset=\"https:\/\/www.innova-thermic.com\/Old\/wp-content\/uploads\/2025\/10\/Design-sans-titre-5.png 642w, https:\/\/www.innova-thermic.com\/Old\/wp-content\/uploads\/2025\/10\/Design-sans-titre-5-236x300.png 236w, https:\/\/www.innova-thermic.com\/Old\/wp-content\/uploads\/2025\/10\/Design-sans-titre-5-510x649.png 510w\" sizes=\"auto, (max-width: 642px) 100vw, 642px\" \/><\/figure>\n\n\n\n<h3 class=\"wp-block-heading has-text-align-center\">Obligations pour professionnels et particuliers<\/h3>\n\n\n\n<p>Pour la <strong>RE2020 extension Lille<\/strong>, les architectes, bureaux d\u2019\u00e9tudes thermiques, ma\u00eetres d\u2019ouvrage (particuliers) doivent s\u2019assurer que les dossiers sont bien complets, ce qui est aussi vrai pour la <strong>RE2020 Hauts de France<\/strong>.<\/p>\n\n\n\n<h2 class=\"wp-block-heading\">Impacts pour les professionnels &amp; particuliers<\/h2>\n\n\n\n<h3 class=\"wp-block-heading has-text-align-center\">Pour les professionnels<\/h3>\n\n\n\n<ul class=\"wp-block-list\">\n<li>Les architectes et bureaux d\u2019\u00e9tudes des Hauts\u2011de\u2011France voient une hausse de la demande li\u00e9e \u00e0 la <strong>RE2020 Hauts de France<\/strong>. Il est n\u00e9cessaire de se tenir inform\u00e9 des \u00e9volutions r\u00e9glementaires.<\/li>\n\n\n\n<li>Pour la <strong>RE2020 extension Lille<\/strong>, proposer des solutions optimis\u00e9es en isolation, mat\u00e9riaux \u00e0 faible impact carbone, ma\u00eetrise du confort d\u2019\u00e9t\u00e9, devient un facteur diff\u00e9renciant.<\/li>\n<\/ul>\n\n\n\n<h3 class=\"wp-block-heading has-text-align-center\">Pour les particuliers<\/h3>\n\n\n\n<ul class=\"wp-block-list\">\n<li>Si vous envisagez une extension dans la m\u00e9tropole Lilloise\u202f: anticipez la <strong>RE2020 extension Lille<\/strong>\u202f: budget pour \u00e9tude thermique, choix des mat\u00e9riaux, respect des indicateurs.<\/li>\n\n\n\n<li>Cela peut entra\u00eener un surco\u00fbt initial, mais des gains \u00e0 long terme\u202f: meilleure performance \u00e9nerg\u00e9tique, valeur immobili\u00e8re augment\u00e9e.<\/li>\n<\/ul>\n\n\n\n<h2 class=\"wp-block-heading\">Bonnes pratiques pour r\u00e9ussir un projet sous RE2020 extension Lille \/ RE2020 Hauts de France<\/h2>\n\n\n\n<ol class=\"wp-block-list\">\n<li>Anticiper d\u00e8s la phase conception, choisir un bureau d\u2019\u00e9tudes qualifi\u00e9 localement.<\/li>\n\n\n\n<li>Optimiser l\u2019isolation, le vitrage, l\u2019orientation pour r\u00e9pondre au Bbio.<\/li>\n\n\n\n<li>Privil\u00e9gier des mat\u00e9riaux \u00e0 faible impact carbone (ICconstruction).<\/li>\n\n\n\n<li>Pr\u00e9voir des solutions de confort d\u2019\u00e9t\u00e9 (DH), surtout dans un climat comme celui des Hauts\u2011de\u2011France.<\/li>\n\n\n\n<li>Bien respecter les d\u00e9lais administratifs et joindre les attestations n\u00e9cessaires.<\/li>\n\n\n\n<li>Pour les professionnels\u202f: se former sur les seuils et modalit\u00e9s de la RE2020, notamment en r\u00e9gion Hauts\u2011de\u2011France.<\/li>\n<\/ol>\n\n\n\n<h2 class=\"wp-block-heading has-text-align-left\">Conclusion<\/h2>\n\n\n\n<p>Le sujet de la <strong>RE2020 extension Lille<\/strong> et de la <strong>RE2020 Hauts de France<\/strong> concerne aussi bien les particuliers que les professionnels. Il ne s\u2019agit pas uniquement d\u2019isolation, mais d\u2019un changement de paradigme\u202f: performance \u00e9nerg\u00e9tique + empreinte carbone + confort d\u2019\u00e9t\u00e9. Pour toute extension dans la r\u00e9gion des Hauts\u2011de\u2011France, il est essentiel de v\u00e9rifier si votre projet est soumis \u00e0 la RE2020, de r\u00e9aliser les \u00e9tudes n\u00e9cessaires, et de s\u2019entourer des bons intervenants.<\/p>\n\n\n\n<p>Pour aller plus loin, vous pouvez consulter :<\/p>\n\n\n\n<ul class=\"wp-block-list\">\n<li><a href=\"https:\/\/rt-re-batiment.developpement-durable.gouv.fr\/IMG\/pdf\/20250415_fiche_application_extension_batiment_et_const_inf_50.pdf\" data-type=\"link\" data-id=\"https:\/\/rt-re-batiment.developpement-durable.gouv.fr\/IMG\/pdf\/20250415_fiche_application_extension_batiment_et_const_inf_50.pdf\" target=\"_blank\" rel=\"noopener\">La fiche du MINIST\u00c8RE DE LA TRANSITION \u00c9COLOGIQUE via RT\u2011RE\u2011b\u00e2timent pour la FAQ \u00ab\u202fComment appliquer la RE2020 en cas d\u2019extension\u202f\u00bb<\/a>.<\/li>\n\n\n\n<li><a href=\"https:\/\/librairie.ademe.fr\/societe-et-politiques-publiques\/5947-respecter-la-re-2020-pour-construire-sa-maison-9791029719042.html\" data-type=\"link\" data-id=\"https:\/\/librairie.ademe.fr\/societe-et-politiques-publiques\/5947-respecter-la-re-2020-pour-construire-sa-maison-9791029719042.html\" target=\"_blank\" rel=\"noopener\">Le site de ADEME pour des informations sur les indicateurs (immersion carbone, etc.).<\/a><\/li>\n\n\n\n<li><a href=\"https:\/\/www.architectes.org\/\" data-type=\"link\" data-id=\"https:\/\/www.architectes.org\/\" target=\"_blank\" rel=\"noopener\">Le site de Conseil national de l\u2019Ordre des architectes pour les fiches\u2011synth\u00e8ses concernant les extensions de maison. <\/a><\/li>\n<\/ul>\n\n\n\n<p><\/p>\n","protected":false},"excerpt":{"rendered":"<p>Introduction Extension RE2020 : Que vous soyez professionnel du b\u00e2timent dans la r\u00e9gion des Hauts\u2011de\u2011France ou particulier souhaitant agrandir votre logement \u00e0 Lille ou dans ses environs, il est essentiel de bien comprendre les obligations li\u00e9es \u00e0 la r\u00e9glementation environnementale. Cet article vise \u00e0 clarifier les r\u00e8gles de la RE2020 extension Lille et de la [&#8230;]\n","protected":false},"author":1,"featured_media":5213,"comment_status":"closed","ping_status":"open","sticky":false,"template":"","format":"standard","meta":{"_acf_changed":false,"_jetpack_memberships_contains_paid_content":false,"footnotes":""},"categories":[1],"tags":[],"class_list":["post-5192","post","type-post","status-publish","format-standard","has-post-thumbnail","hentry","category-actualites"],"acf":[],"jetpack_featured_media_url":"https:\/\/www.innova-thermic.com\/Old\/wp-content\/uploads\/2025\/10\/extension-re2020-Innova-Thermic-min.png","jetpack_sharing_enabled":true,"_links":{"self":[{"href":"https:\/\/www.innova-thermic.com\/Old\/wp-json\/wp\/v2\/posts\/5192","targetHints":{"allow":["GET"]}}],"collection":[{"href":"https:\/\/www.innova-thermic.com\/Old\/wp-json\/wp\/v2\/posts"}],"about":[{"href":"https:\/\/www.innova-thermic.com\/Old\/wp-json\/wp\/v2\/types\/post"}],"author":[{"embeddable":true,"href":"https:\/\/www.innova-thermic.com\/Old\/wp-json\/wp\/v2\/users\/1"}],"replies":[{"embeddable":true,"href":"https:\/\/www.innova-thermic.com\/Old\/wp-json\/wp\/v2\/comments?post=5192"}],"version-history":[{"count":2,"href":"https:\/\/www.innova-thermic.com\/Old\/wp-json\/wp\/v2\/posts\/5192\/revisions"}],"predecessor-version":[{"id":5214,"href":"https:\/\/www.innova-thermic.com\/Old\/wp-json\/wp\/v2\/posts\/5192\/revisions\/5214"}],"wp:featuredmedia":[{"embeddable":true,"href":"https:\/\/www.innova-thermic.com\/Old\/wp-json\/wp\/v2\/media\/5213"}],"wp:attachment":[{"href":"https:\/\/www.innova-thermic.com\/Old\/wp-json\/wp\/v2\/media?parent=5192"}],"wp:term":[{"taxonomy":"category","embeddable":true,"href":"https:\/\/www.innova-thermic.com\/Old\/wp-json\/wp\/v2\/categories?post=5192"},{"taxonomy":"post_tag","embeddable":true,"href":"https:\/\/www.innova-thermic.com\/Old\/wp-json\/wp\/v2\/tags?post=5192"}],"curies":[{"name":"wp","href":"https:\/\/api.w.org\/{rel}","templated":true}]}}