{"id":5528,"date":"2026-01-15T10:37:01","date_gmt":"2026-01-15T09:37:01","guid":{"rendered":"https:\/\/www.innova-thermic.com\/?p=5528"},"modified":"2026-01-15T11:24:03","modified_gmt":"2026-01-15T10:24:03","slug":"nouveau-coefficient-de-conversion-electrique-2026","status":"publish","type":"post","link":"https:\/\/www.innova-thermic.com\/Old\/nouveau-coefficient-de-conversion-electrique-2026\/","title":{"rendered":"Nouveau coefficient de conversion \u00e9lectrique : qu\u2019est-ce qui change dans votre audit 3CL au 1er janvier 2026 ?"},"content":{"rendered":"\n<p><strong>Nouveau coefficient de conversion \u00e9lectrique 2026 <\/strong>: \u00c0 compter du <strong>1er janvier 2026<\/strong>, une \u00e9volution majeure va impacter les <strong>audits \u00e9nerg\u00e9tiques r\u00e9glementaires<\/strong>, les <strong>DPE<\/strong> et plus largement l\u2019ensemble des \u00e9tudes bas\u00e9es sur la m\u00e9thode <strong>3CL<\/strong>. Il s\u2019agit de la <strong>modification du coefficient de conversion de l\u2019\u00e9lectricit\u00e9<\/strong>, un param\u00e8tre cl\u00e9 utilis\u00e9 pour convertir l\u2019\u00e9nergie finale en \u00e9nergie primaire.<\/p>\n\n\n\n<p>Cette <strong>nouveaut\u00e9 du coefficient \u00e9lectrique au 1\/1\/2026<\/strong> soul\u00e8ve de nombreuses questions pour les propri\u00e9taires, les ma\u00eetres d\u2019ouvrage et surtout pour les professionnels de l\u2019<strong>audit \u00e9nerg\u00e9tique RGE<\/strong>. Quelles sont les cons\u00e9quences concr\u00e8tes sur les r\u00e9sultats d\u2019un audit ? Sur le classement DPE ? Et sur la pertinence des sc\u00e9narios de travaux ? D\u00e9cryptage complet.<\/p>\n\n\n\n<hr class=\"wp-block-separator has-alpha-channel-opacity\"\/>\n\n\n\n<h2 class=\"wp-block-heading\">\ud83d\udd0c Rappel : qu\u2019est-ce que le coefficient \u00e9lectrique dans le DPE et l\u2019audit \u00e9nerg\u00e9tique ?<\/h2>\n\n\n\n<p>Le <strong>coefficient \u00e9lectrique DPE<\/strong> est un facteur r\u00e9glementaire qui permet de transformer une consommation d\u2019\u00e9lectricit\u00e9 (\u00e9nergie finale) en <strong>\u00e9nergie primaire<\/strong>, utilis\u00e9e pour \u00e9valuer la performance \u00e9nerg\u00e9tique d\u2019un logement.<\/p>\n\n\n\n<p>Jusqu\u2019\u00e0 pr\u00e9sent, ce <strong>coefficient \u00e9lectrique audit<\/strong> \u00e9tait fix\u00e9 \u00e0 <strong>2,3<\/strong>, traduisant les pertes li\u00e9es \u00e0 la production et au transport de l\u2019\u00e9lectricit\u00e9.<\/p>\n\n\n\n<p>\ud83d\udc49 Exemple simple :<br>1 kWh d\u2019\u00e9lectricit\u00e9 consomm\u00e9e = 2,3 kWh d\u2019\u00e9nergie primaire comptabilis\u00e9e dans le DPE ou l\u2019audit.<\/p>\n\n\n\n<p>Ce coefficient est utilis\u00e9 dans :<\/p>\n\n\n\n<ul class=\"wp-block-list\">\n<li><a href=\"https:\/\/www.innova-thermic.com\/diagnostics-de-performance-energetiques\/\" data-type=\"link\" data-id=\"https:\/\/www.innova-thermic.com\/diagnostics-de-performance-energetiques\/\">le <strong>DPE r\u00e9glementaire<\/strong><\/a><\/li>\n\n\n\n<li><a href=\"https:\/\/www.innova-thermic.com\/audit-energetique\/\" data-type=\"link\" data-id=\"https:\/\/www.innova-thermic.com\/audit-energetique\/\">l\u2019<strong>audit \u00e9nerg\u00e9tique RGE<\/strong><\/a><\/li>\n\n\n\n<li>les \u00e9tudes thermiques s\u2019appuyant sur la m\u00e9thode <strong>3CL-DPE<\/strong><\/li>\n<\/ul>\n\n\n\n<hr class=\"wp-block-separator has-alpha-channel-opacity\"\/>\n\n\n\n<h2 class=\"wp-block-heading\">\ud83d\udcc5 La nouveaut\u00e9 du coefficient \u00e9lectrique au 1er janvier 2026<\/h2>\n\n\n\n<p>\u00c0 partir du <strong>01\/01\/2026<\/strong>, le coefficient de conversion de l\u2019\u00e9lectricit\u00e9 sera <strong>abaiss\u00e9 \u00e0 1,9<\/strong> (valeur r\u00e9glementaire act\u00e9e par les pouvoirs publics).<\/p>\n\n\n\n<p>Cette <strong>nouveaut\u00e9 du coefficient \u00e9lectrique 1\/1\/2026<\/strong> vise \u00e0 mieux refl\u00e9ter :<\/p>\n\n\n\n<ul class=\"wp-block-list\">\n<li>la d\u00e9carbonation progressive du mix \u00e9lectrique fran\u00e7ais,<\/li>\n\n\n\n<li>la forte part du nucl\u00e9aire et des \u00e9nergies renouvelables,<\/li>\n\n\n\n<li>la r\u00e9alit\u00e9 environnementale actuelle de l\u2019\u00e9lectricit\u00e9 en France.<\/li>\n<\/ul>\n\n\n\n<p>\ud83d\udccc Cette \u00e9volution est encadr\u00e9e par les textes r\u00e9glementaires publi\u00e9s et accessibles notamment sur <strong>L\u00e9gifrance<\/strong> et via les publications de r\u00e9f\u00e9rence de l\u2019<strong>ADEME<\/strong>.<\/p>\n\n\n\n<hr class=\"wp-block-separator has-alpha-channel-opacity\"\/>\n\n\n\n<h2 class=\"wp-block-heading\">\ud83d\udd0d Impacts directs du nouveau coefficient de conversion DPE<\/h2>\n\n\n\n<p>La baisse du <strong>coefficient \u00e9lectrique DPE<\/strong> entra\u00eene m\u00e9caniquement :<\/p>\n\n\n\n<h3 class=\"wp-block-heading\">\u2705 Une am\u00e9lioration du classement DPE pour les logements \u00e9lectriques<\/h3>\n\n\n\n<p>Les logements chauff\u00e9s \u00e0 l\u2019\u00e9lectricit\u00e9 verront leur consommation en \u00e9nergie primaire <strong>r\u00e9duite sur le papier<\/strong>, sans modification r\u00e9elle des usages.<\/p>\n\n\n\n<p>\u27a1\ufe0f R\u00e9sultat :<\/p>\n\n\n\n<ul class=\"wp-block-list\">\n<li>Passage potentiel d\u2019une \u00e9tiquette F \u00e0 E, voire E \u00e0 D<\/li>\n\n\n\n<li>R\u00e9duction du nombre de <strong>passoires \u00e9nerg\u00e9tiques<\/strong> class\u00e9es F et G<\/li>\n<\/ul>\n\n\n\n<h3 class=\"wp-block-heading\">\u26a0\ufe0f Attention \u00e0 la lecture des r\u00e9sultats<\/h3>\n\n\n\n<p>Cette am\u00e9lioration est <strong>r\u00e9glementaire<\/strong>, non technique. Le confort thermique et les consommations r\u00e9elles peuvent rester identiques.<\/p>\n\n\n\n<hr class=\"wp-block-separator has-alpha-channel-opacity\"\/>\n\n\n\n<h2 class=\"wp-block-heading\">\ud83e\uddfe Cons\u00e9quences sur l\u2019audit \u00e9nerg\u00e9tique RGE<\/h2>\n\n\n\n<p>Pour les professionnels r\u00e9alisant un <strong>audit \u00e9nerg\u00e9tique RGE<\/strong>, cette r\u00e9forme est loin d\u2019\u00eatre anodine.<\/p>\n\n\n\n<h3 class=\"wp-block-heading\">\ud83d\udd04 Modification des consommations conventionnelles<\/h3>\n\n\n\n<p>Le <strong>coefficient \u00e9lectrique audit<\/strong> plus faible impacte :<\/p>\n\n\n\n<ul class=\"wp-block-list\">\n<li>les consommations de r\u00e9f\u00e9rence,<\/li>\n\n\n\n<li>les gains \u00e9nerg\u00e9tiques calcul\u00e9s,<\/li>\n\n\n\n<li>les sc\u00e9narios de travaux propos\u00e9s.<\/li>\n<\/ul>\n\n\n\n<h3 class=\"wp-block-heading\">\ud83d\udcc9 Des gains parfois moins spectaculaires<\/h3>\n\n\n\n<p>Les travaux d\u2019am\u00e9lioration (isolation, remplacement de syst\u00e8mes, r\u00e9gulation) peuvent afficher :<\/p>\n\n\n\n<ul class=\"wp-block-list\">\n<li>un <strong>gain en \u00e9nergie primaire plus faible<\/strong>,<\/li>\n\n\n\n<li>une modification de l\u2019ordre de priorit\u00e9 des travaux.<\/li>\n<\/ul>\n\n\n\n<p>Il devient donc essentiel d\u2019expliquer clairement au client la diff\u00e9rence entre :<\/p>\n\n\n\n<ul class=\"wp-block-list\">\n<li><strong>performance r\u00e9glementaire<\/strong><\/li>\n\n\n\n<li><strong>performance r\u00e9elle et factures \u00e9nerg\u00e9tiques<\/strong><\/li>\n<\/ul>\n\n\n\n<hr class=\"wp-block-separator has-alpha-channel-opacity\"\/>\n\n\n\n<h2 class=\"wp-block-heading\">\ud83e\udde0 M\u00e9thode 3CL : ce qui change concr\u00e8tement<\/h2>\n\n\n\n<p>La m\u00e9thode <strong>3CL-DPE<\/strong>, socle du calcul r\u00e9glementaire, int\u00e8gre directement ce nouveau coefficient.<\/p>\n\n\n\n<p>Cela signifie que :<\/p>\n\n\n\n<ul class=\"wp-block-list\">\n<li>tous les audits et DPE r\u00e9alis\u00e9s <strong>apr\u00e8s le 01\/01\/2026<\/strong> appliqueront le nouveau coefficient,<\/li>\n\n\n\n<li>les comparaisons avec des \u00e9tudes ant\u00e9rieures devront \u00eatre faites avec prudence,<\/li>\n\n\n\n<li>les thermiciens devront adapter leurs outils et leurs grilles de lecture.<\/li>\n<\/ul>\n\n\n\n<p>Les d\u00e9tails m\u00e9thodologiques sont pr\u00e9cis\u00e9s dans les documents officiels disponibles sur :<\/p>\n\n\n\n<ul class=\"wp-block-list\">\n<li><a href=\"https:\/\/www.legifrance.gouv.fr\/jorf\/id\/JORFTEXT000045753329\" data-type=\"link\" data-id=\"https:\/\/www.legifrance.gouv.fr\/jorf\/id\/JORFTEXT000045753329\" target=\"_blank\" rel=\"noopener\"><strong>L\u00e9gifrance<\/strong> (arr\u00eat\u00e9s DPE et audit \u00e9nerg\u00e9tique),<\/a><\/li>\n\n\n\n<li><em><a href=\"https:\/\/observatoire-dpe-audit.ademe.fr\/accueil\" target=\"_blank\" rel=\"noopener\"><strong>ADEME<\/strong> (guides et FAQ techniques),<\/a><\/em><\/li>\n\n\n\n<li><strong>Minist\u00e8re de la Transition \u00c9cologique<\/strong> :<a href=\"https:\/\/www.ecologie.gouv.fr\/presse\/evolution-du-calcul-du-dpe-1er-janvier-2026-favoriser-lelectrification-du-chauffage\" data-type=\"link\" data-id=\"https:\/\/www.ecologie.gouv.fr\/presse\/evolution-du-calcul-du-dpe-1er-janvier-2026-favoriser-lelectrification-du-chauffage\" target=\"_blank\" rel=\"noopener\"> Evolution du calcul du DPE au 1er janvier 2026 : favoriser l&rsquo;\u00e9lectrification du chauffage des logements<\/a><\/li>\n<\/ul>\n\n\n\n<hr class=\"wp-block-separator has-alpha-channel-opacity\"\/>\n\n\n\n<h2 class=\"wp-block-heading\">\ud83c\udfd7\ufe0f Quel impact pour les projets de r\u00e9novation \u00e9nerg\u00e9tique ?<\/h2>\n\n\n\n<p>Cette <strong>nouveaut\u00e9 du coefficient \u00e9lectrique 1\/1\/2026<\/strong> peut influencer :<\/p>\n\n\n\n<ul class=\"wp-block-list\">\n<li>l\u2019\u00e9ligibilit\u00e9 \u00e0 certaines aides,<\/li>\n\n\n\n<li>la strat\u00e9gie de r\u00e9novation globale,<\/li>\n\n\n\n<li>les arbitrages entre \u00e9lectricit\u00e9, PAC, gaz ou biomasse.<\/li>\n<\/ul>\n\n\n\n<p>\ud83d\udc49 Pour un <strong>audit \u00e9nerg\u00e9tique RGE<\/strong>, il est d\u00e9sormais indispensable de :<\/p>\n\n\n\n<ul class=\"wp-block-list\">\n<li>raisonner au-del\u00e0 du seul indicateur DPE,<\/li>\n\n\n\n<li>int\u00e9grer le confort, la sobri\u00e9t\u00e9 et la r\u00e9silience \u00e9nerg\u00e9tique,<\/li>\n\n\n\n<li>expliquer au client les limites d\u2019une am\u00e9lioration purement r\u00e9glementaire.<\/li>\n<\/ul>\n\n\n\n<hr class=\"wp-block-separator has-alpha-channel-opacity\"\/>\n\n\n\n<h2 class=\"wp-block-heading\">\u2705 Conclusion : une \u00e9volution r\u00e9glementaire \u00e0 ma\u00eetriser<\/h2>\n\n\n\n<p>La baisse du <strong>coefficient \u00e9lectrique DPE<\/strong> au 1er janvier 2026 constitue une <strong>\u00e9volution majeure<\/strong> pour le secteur du b\u00e2timent. Si elle valorise davantage l\u2019\u00e9lectricit\u00e9 dans les calculs, elle impose aussi une <strong>lecture plus experte<\/strong> des r\u00e9sultats.<\/p>\n\n\n\n<p>Pour les professionnels de l\u2019<strong>audit \u00e9nerg\u00e9tique RGE<\/strong>, cette r\u00e9forme renforce le r\u00f4le de conseil, de p\u00e9dagogie et d\u2019accompagnement sur mesure.<\/p>\n\n\n\n<p>Ce qui nous permet de r\u00e9sumer notre article par l&rsquo;image suivante :<\/p>\n\n\n\n<figure class=\"wp-block-image aligncenter size-large\"><img loading=\"lazy\" decoding=\"async\" width=\"1024\" height=\"359\" src=\"https:\/\/www.innova-thermic.com\/wp-content\/uploads\/2026\/01\/Coefficient_Electrique_2026-2-1024x359.jpg\" alt=\"\" class=\"wp-image-5531\" title=\"\" srcset=\"https:\/\/www.innova-thermic.com\/Old\/wp-content\/uploads\/2026\/01\/Coefficient_Electrique_2026-2-1024x359.jpg 1024w, https:\/\/www.innova-thermic.com\/Old\/wp-content\/uploads\/2026\/01\/Coefficient_Electrique_2026-2-300x105.jpg 300w, https:\/\/www.innova-thermic.com\/Old\/wp-content\/uploads\/2026\/01\/Coefficient_Electrique_2026-2-768x269.jpg 768w, https:\/\/www.innova-thermic.com\/Old\/wp-content\/uploads\/2026\/01\/Coefficient_Electrique_2026-2-510x179.jpg 510w, https:\/\/www.innova-thermic.com\/Old\/wp-content\/uploads\/2026\/01\/Coefficient_Electrique_2026-2.jpg 1200w\" sizes=\"auto, (max-width: 1024px) 100vw, 1024px\" \/><\/figure>\n\n\n\n<p>\ud83d\udccc Pour aller plus loin :<\/p>\n\n\n\n<ul class=\"wp-block-list\">\n<li>Article gouvernementaux : <strong><a href=\"https:\/\/www.economie.gouv.fr\/actualites\/un-nouveau-dpe-au-1er-janvier-2026-pour-favoriser-le-chauffage-electrique\" data-type=\"link\" data-id=\"https:\/\/www.economie.gouv.fr\/actualites\/un-nouveau-dpe-au-1er-janvier-2026-pour-favoriser-le-chauffage-electrique\" target=\"_blank\" rel=\"noopener\">Un nouveau DPE au 1er janvier 2026 pour favoriser le chauffage \u00e9lectrique<\/a><\/strong><\/li>\n\n\n\n<li>R\u00e9f\u00e9rences techniques : <strong><a href=\"https:\/\/data.ademe.fr\/applications\/diagnostics-de-performance-energetique-pour-les-logements-par-habitation\" data-type=\"link\" data-id=\"https:\/\/data.ademe.fr\/applications\/diagnostics-de-performance-energetique-pour-les-logements-par-habitation\" target=\"_blank\" rel=\"noopener\">cartographies des DPE en France <\/a><\/strong><\/li>\n\n\n\n<li>M\u00e9thode officielle : <a href=\"https:\/\/www.ecologie.gouv.fr\/sites\/default\/files\/documents\/notice_DPE.pdf\" target=\"_blank\" rel=\"noopener\">documentation <strong>3CL-DPE<\/strong><\/a><\/li>\n<\/ul>\n\n\n\n<p><\/p>\n","protected":false},"excerpt":{"rendered":"<p>Nouveau coefficient de conversion \u00e9lectrique 2026 : \u00c0 compter du 1er janvier 2026, une \u00e9volution majeure va impacter les audits \u00e9nerg\u00e9tiques r\u00e9glementaires, les DPE et plus largement l\u2019ensemble des \u00e9tudes bas\u00e9es sur la m\u00e9thode 3CL. Il s\u2019agit de la modification du coefficient de conversion de l\u2019\u00e9lectricit\u00e9, un param\u00e8tre cl\u00e9 utilis\u00e9 pour convertir l\u2019\u00e9nergie finale en [&#8230;]\n","protected":false},"author":1,"featured_media":5533,"comment_status":"closed","ping_status":"open","sticky":false,"template":"","format":"standard","meta":{"_acf_changed":false,"_jetpack_memberships_contains_paid_content":false,"footnotes":""},"categories":[1],"tags":[],"class_list":["post-5528","post","type-post","status-publish","format-standard","has-post-thumbnail","hentry","category-actualites"],"acf":[],"jetpack_featured_media_url":"https:\/\/www.innova-thermic.com\/Old\/wp-content\/uploads\/2026\/01\/Facteur-de-conversion-1.png","jetpack_sharing_enabled":true,"_links":{"self":[{"href":"https:\/\/www.innova-thermic.com\/Old\/wp-json\/wp\/v2\/posts\/5528","targetHints":{"allow":["GET"]}}],"collection":[{"href":"https:\/\/www.innova-thermic.com\/Old\/wp-json\/wp\/v2\/posts"}],"about":[{"href":"https:\/\/www.innova-thermic.com\/Old\/wp-json\/wp\/v2\/types\/post"}],"author":[{"embeddable":true,"href":"https:\/\/www.innova-thermic.com\/Old\/wp-json\/wp\/v2\/users\/1"}],"replies":[{"embeddable":true,"href":"https:\/\/www.innova-thermic.com\/Old\/wp-json\/wp\/v2\/comments?post=5528"}],"version-history":[{"count":1,"href":"https:\/\/www.innova-thermic.com\/Old\/wp-json\/wp\/v2\/posts\/5528\/revisions"}],"predecessor-version":[{"id":5534,"href":"https:\/\/www.innova-thermic.com\/Old\/wp-json\/wp\/v2\/posts\/5528\/revisions\/5534"}],"wp:featuredmedia":[{"embeddable":true,"href":"https:\/\/www.innova-thermic.com\/Old\/wp-json\/wp\/v2\/media\/5533"}],"wp:attachment":[{"href":"https:\/\/www.innova-thermic.com\/Old\/wp-json\/wp\/v2\/media?parent=5528"}],"wp:term":[{"taxonomy":"category","embeddable":true,"href":"https:\/\/www.innova-thermic.com\/Old\/wp-json\/wp\/v2\/categories?post=5528"},{"taxonomy":"post_tag","embeddable":true,"href":"https:\/\/www.innova-thermic.com\/Old\/wp-json\/wp\/v2\/tags?post=5528"}],"curies":[{"name":"wp","href":"https:\/\/api.w.org\/{rel}","templated":true}]}}